{"id":9923,"date":"2019-07-19T11:27:43","date_gmt":"2019-07-19T18:27:43","guid":{"rendered":"https:\/\/iglesiatijuana.org\/web\/?p=9923"},"modified":"2019-07-19T11:27:43","modified_gmt":"2019-07-19T18:27:43","slug":"juventud-de-mexico-en-sintonia-con-el-proyecto-global-de-pastoral","status":"publish","type":"post","link":"https:\/\/iglesiatijuana.org\/web\/juventud-de-mexico-en-sintonia-con-el-proyecto-global-de-pastoral\/","title":{"rendered":"Juventud de M\u00e9xico en sinton\u00eda con el Proyecto Global de Pastoral"},"content":{"rendered":"<p style=\"text-align: justify;\">Pastoral para la Comunicaci\u00f3n.- En el marco de la XLIX Asamblea Nacional de Pastoral Juvenil y Adolescentes que se realiza en la Prelatura del Salto, Dgo. Los j\u00f3venes de las di\u00f3cesis del pa\u00eds han recibido el Proyecto Global de Pastoral en la perspectiva del a\u00f1o 2031, a los 500 a\u00f1os de las apariciones de la Virgen de Guadalupe, y del a\u00f1o 2033, a los dos mil a\u00f1os de la muerte redentora de Jesucristo.<\/p>\n<p style=\"text-align: justify;\">\n<p style=\"text-align: justify;\">Los obispos de M\u00e9xico al inicio de la presentaci\u00f3n del PGP resaltaban entre sus ejes la atenci\u00f3n y fortalecimiento de la pastoral juvenil y adolescentes considerando que son m\u00e1s del 25% de la poblaci\u00f3n y son no s\u00f3lo el futuro, sino el presente. \u201cNos angustia el fen\u00f3meno creciente del suicidio entre ellos, a\u00fan desde la adolescencia; nos duele verlos navegando sin rumbo en su soledad y expuestos a la ambivalencia del celular; no cuentan con una familia estable y arm\u00f3nica; son jaloneados por bandas de criminales y narcotraficantes; son pocos en nuestros grupos juveniles\u201d. El pasado S\u00ednodo y la Exhortaci\u00f3n del Papa <em>\u201cCristo vive\u201d<\/em> urgen la atenci\u00f3n de los mismos.<\/p>\n<p style=\"text-align: justify;\">\n<p style=\"text-align: justify;\">En el PGP, los obispos se comprometen a una pastoral juvenil m\u00e1s renovada: <em>\u201cLos Obispos reconocemos que, en los adolescentes y j\u00f3venes, nuestro pa\u00eds y la Iglesia de M\u00e9xico, tienen una gran riqueza y una gran esperanza. Valoramos la importancia de su presencia y la fuerza de su entusiasmo en estos momentos hist\u00f3ricos de la humanidad y de nuestro pa\u00eds. Queremos expresar nuestro compromiso con cercan\u00eda, confianza y di\u00e1logo mutuo, para reconocerlos como protagonistas de una transformaci\u00f3n social y sujetos de una nueva etapa en la evangelizaci\u00f3n en nuestras comunidades juveniles, desde un proyecto de vida, orientado hacia su propia santidad\u201d. \u00a0<\/em><\/p>\n<p style=\"text-align: justify;\"><em>\u00a0<\/em><\/p>\n<p style=\"text-align: justify;\"><em>En consecuencia, el Proyecto Global de Pastoral en el coraz\u00f3n y en la etapa juvenil asegura que los j\u00f3venes de M\u00e9xico expresan su respeto por los valores evang\u00e9licos y el deseo de conocer m\u00e1s profundamente a Cristo; que aprecian el acompa\u00f1amiento cercano de sus pastores y que participan con alegr\u00eda y un gran entusiasmo, pidiendo ser tomados en cuenta con responsabilidades dentro de la Iglesia\u201d <\/em>(188)<em>.<\/em><\/p>\n<p>&nbsp;<\/p>\n<p><a href=\"https:\/\/iglesiatijuana.org\/web\/wp-content\/uploads\/2019\/07\/pj.jpg\" data-rel=\"lightbox-image-0\" data-rl_title=\"\" data-rl_caption=\"\" title=\"\"><img loading=\"lazy\" decoding=\"async\" class=\"alignnone size-full wp-image-9924\" src=\"https:\/\/iglesiatijuana.org\/web\/wp-content\/uploads\/2019\/07\/pj.jpg\" alt=\"\" width=\"720\" height=\"340\" srcset=\"https:\/\/iglesiatijuana.org\/web\/wp-content\/uploads\/2019\/07\/pj.jpg 720w, https:\/\/iglesiatijuana.org\/web\/wp-content\/uploads\/2019\/07\/pj-300x142.jpg 300w, https:\/\/iglesiatijuana.org\/web\/wp-content\/uploads\/2019\/07\/pj-520x245.jpg 520w\" sizes=\"auto, (max-width: 720px) 100vw, 720px\" \/><\/a><\/p>\n","protected":false},"excerpt":{"rendered":"<p>Pastoral para la Comunicaci\u00f3n.- En el marco de la XLIX Asamblea Nacional de Pastoral Juvenil y Adolescentes que se realiza en la Prelatura del Salto, Dgo. Los j\u00f3venes de las di\u00f3cesis del pa\u00eds han&#46;&#46;&#46;<\/p>\n","protected":false},"author":101012,"featured_media":9924,"comment_status":"closed","ping_status":"closed","sticky":false,"template":"","format":"standard","meta":{"_exactmetrics_skip_tracking":false,"_exactmetrics_sitenote_active":false,"_exactmetrics_sitenote_note":"","_exactmetrics_sitenote_category":0,"footnotes":""},"categories":[20,14],"tags":[],"class_list":["post-9923","post","type-post","status-publish","format-standard","has-post-thumbnail","hentry","category-evangelio-del-dia","category-ultimas-noticias"],"_links":{"self":[{"href":"https:\/\/iglesiatijuana.org\/web\/wp-json\/wp\/v2\/posts\/9923","targetHints":{"allow":["GET"]}}],"collection":[{"href":"https:\/\/iglesiatijuana.org\/web\/wp-json\/wp\/v2\/posts"}],"about":[{"href":"https:\/\/iglesiatijuana.org\/web\/wp-json\/wp\/v2\/types\/post"}],"author":[{"embeddable":true,"href":"https:\/\/iglesiatijuana.org\/web\/wp-json\/wp\/v2\/users\/101012"}],"replies":[{"embeddable":true,"href":"https:\/\/iglesiatijuana.org\/web\/wp-json\/wp\/v2\/comments?post=9923"}],"version-history":[{"count":1,"href":"https:\/\/iglesiatijuana.org\/web\/wp-json\/wp\/v2\/posts\/9923\/revisions"}],"predecessor-version":[{"id":9925,"href":"https:\/\/iglesiatijuana.org\/web\/wp-json\/wp\/v2\/posts\/9923\/revisions\/9925"}],"wp:featuredmedia":[{"embeddable":true,"href":"https:\/\/iglesiatijuana.org\/web\/wp-json\/wp\/v2\/media\/9924"}],"wp:attachment":[{"href":"https:\/\/iglesiatijuana.org\/web\/wp-json\/wp\/v2\/media?parent=9923"}],"wp:term":[{"taxonomy":"category","embeddable":true,"href":"https:\/\/iglesiatijuana.org\/web\/wp-json\/wp\/v2\/categories?post=9923"},{"taxonomy":"post_tag","embeddable":true,"href":"https:\/\/iglesiatijuana.org\/web\/wp-json\/wp\/v2\/tags?post=9923"}],"curies":[{"name":"wp","href":"https:\/\/api.w.org\/{rel}","templated":true}]}}