{"id":994,"date":"2010-12-29T12:44:16","date_gmt":"2010-12-29T20:44:16","guid":{"rendered":"http:\/\/iglesiatijuana.org\/web\/presentarlo\/"},"modified":"2010-12-29T12:44:16","modified_gmt":"2010-12-29T20:44:16","slug":"presentarlo","status":"publish","type":"post","link":"https:\/\/iglesiatijuana.org\/web\/presentarlo\/","title":{"rendered":"Llevaron al ni\u00f1o a Jerusal\u00e9n para presentarlo al Se\u00f1or"},"content":{"rendered":"<p><font size=\"3\"><span class=\"ecxapple-style-span\"><span style=\"font-family: Arial; color: #2a2a2a\">Mi&eacute;rcoles 29 de diciembre<\/span><\/span><\/font><\/p>\n<p><font size=\"3\"><span class=\"ecxapple-style-span\"><\/span><\/font><span class=\"ecxapple-style-span\"><span style=\"font-family: Arial; color: #2a2a2a\"><font size=\"3\">LECTIO <\/font><\/span><\/span><\/p>\n<p><span class=\"ecxapple-style-span\"><\/span><font size=\"3\"><span class=\"ecxapple-style-span\"><strong><span style=\"font-family: Arial; color: #2a2a2a\">Evangelio: Lucas 2,22-35<\/span><\/strong><\/span><\/font><\/p>\n<p><font size=\"3\"><span class=\"ecxapple-style-span\"><strong><\/strong><\/span><strong><\/strong><\/font><font size=\"3\"><span class=\"ecxapple-style-span\"><span style=\"font-family: Arial; color: #2a2a2a\">Cuando se cumplieron los d&iacute;as de la purificaci&oacute;n prescrita por la ley de Mois&eacute;s, llevaron al ni&ntilde;o a Jerusal&eacute;n para presentarlo al Se&ntilde;or, como prescribe la ley del Se&ntilde;or: <em>Todo primog&eacute;nito var&oacute;n ser&aacute; consagrado al Se&ntilde;or. <\/em>Ofrecieron tambi&eacute;n en sacrificio, como dice la ley del Se&ntilde;or: <em>un par de t&oacute;rtolas <\/em>o <em>dos pichones.<\/em><\/span><\/span><\/font><font size=\"3\"><span class=\"ecxapple-style-span\"><span style=\"font-family: Arial; color: #2a2a2a\">Hab&iacute;a en Jerusal&eacute;n un hombre llamado Sime&oacute;n, hombre justo y piadoso, que esperaba el consuelo de Israel. El Esp&iacute;ritu Santo estaba en &eacute;l y le hab&iacute;a revelado que no morir&iacute;a antes de ver al Mes&iacute;as enviado por el Se&ntilde;or. Vino, pues, al templo, movido por el Esp&iacute;ritu y, cuando sus padres entraban con el ni&ntilde;o Jes&uacute;s para cumplir lo que mandaba la ley, Sime&oacute;n lo tom&oacute; en sus brazos y bendijo a Dios diciendo: Ahora, Se&ntilde;or, seg&uacute;n tu promesa puedes dejar que tu siervo muera en paz. Mis ojos has visto a tu Salvador, a quien has presentado ante todos los pueblos, como luz para iluminar a las naciones y gloria de tu pueblo Israel.<\/span><\/span><\/font><font size=\"3\"><span class=\"ecxapple-style-span\"><span style=\"font-family: Arial; color: #2a2a2a\">Su padre y su madre estaban admirados de las cosas que se dec&iacute;an de &eacute;l. Sime&oacute;n los bendijo y dijo a Mar&iacute;a, su madre: -Mira, este ni&ntilde;o va a ser motivo de que muchos caigan o se levanten en Israel. Ser&aacute; signo de contradicci&oacute;n, y a ti misma una espada te atravesar&aacute; el coraz&oacute;n; as&iacute; quedar&aacute;n al descubierto las intenciones de todos.<\/span><\/span><\/font><span style=\"font-family: Arial\"><font size=\"3\" color=\"#000000\">&nbsp;<\/font><\/span><\/p>\n<p>&nbsp;<\/p>\n<p><font size=\"3\"><span class=\"ecxapple-style-span\"><strong><span style=\"font-family: Arial; color: #2a2a2a\">ORATIO<\/span><\/strong><\/span><\/font><\/p>\n<p><font size=\"3\"><span class=\"ecxapple-style-span\"><strong><\/strong><\/span><strong><\/strong><\/font><font size=\"3\"><span class=\"ecxapple-style-span\"><span style=\"font-family: Arial; color: #2a2a2a\">Se&ntilde;or Jes&uacute;s, desde ni&ntilde;o has querido darnos ejemplo de sencillez y pobreza con tu vida oculta y confundida entre la gente com&uacute;n. Has querido tambi&eacute;n ser presentado en el templo y someterte a la ley del tiempo como un primog&eacute;nito cualquiera de tu pueblo. Te has hecho reconocer como Mes&iacute;as y Salvador universal por Sime&oacute;n, hombre justo y abierto a la novedad del Esp&iacute;ritu, porque t&uacute; siempre te revelas a los sencillos y mansos de coraz&oacute;n y no a los que el mundo considera grandes y poderosos.<\/span><\/span><\/font><font size=\"3\"><span class=\"ecxapple-style-span\"><span style=\"font-family: Arial; color: #2a2a2a\">Te pedimos que te nos manifiestes tambi&eacute;n a nosotros, a pesar de nuestra pobreza e incapacidad para acoger el paso de tu Esp&iacute;ritu por nuestra vida, para que podamos reconocerte como &laquo;<em>luz&raquo; <\/em>para nosotros y para nuestros hermanos. Tambi&eacute;n nosotros, como el anciano Sime&oacute;n, queremos bendecirte por las promesas que has cumplido d&aacute;ndonos la salvaci&oacute;n y por las muchas maravillas que has realizado entre nosotros y contin&uacute;as realizando con tu presencia providente y amorosa. Pero, sobre todo, queremos vivir lo que nos has ense&ntilde;ado con el mandamiento del amor fraterno: procurar el bien de los hermanos, llevar sus cargas y desventuras y compartir los sufrimientos de nuestros pr&oacute;jimos. Que nuestro vivir sea una ofrenda generosa de cuanto somos al Padre, para que nuestra pobre humanidad renazca a una vida nueva.<\/span><\/span><\/font><span style=\"font-family: Arial\"><font size=\"3\" color=\"#000000\">&nbsp;<\/font><\/span><\/p>\n<p>&nbsp;<\/p>\n<p><font size=\"3\"><span class=\"ecxapple-style-span\"><strong><span style=\"font-family: Arial; color: #2a2a2a\">Mons. Salvador Cisneros<\/span><\/strong><\/span><\/font><\/p>\n<p><font size=\"3\"><span class=\"ecxapple-style-span\"><strong><\/strong><\/span><strong><\/strong><\/font><font size=\"3\"><span class=\"ecxapple-style-span\"><strong><span style=\"font-family: Arial; color: #2a2a2a\">Parroquia Santa Teresa de &Aacute;vila<\/span><\/strong><\/span><strong><\/strong><\/font><span style=\"font-family: Arial\"><font size=\"3\" color=\"#000000\">&nbsp;<\/font><\/span><\/p>\n","protected":false},"excerpt":{"rendered":"<p>Mi&eacute;rcoles 29 de diciembre LECTIO Evangelio: Lucas 2,22-35 Cuando se cumplieron los d&iacute;as de la purificaci&oacute;n prescrita por la ley de Mois&eacute;s, llevaron al ni&ntilde;o a Jerusal&eacute;n para presentarlo al Se&ntilde;or, como prescribe la&#46;&#46;&#46;<\/p>\n","protected":false},"author":5,"featured_media":0,"comment_status":"closed","ping_status":"open","sticky":false,"template":"","format":"standard","meta":{"_exactmetrics_skip_tracking":false,"_exactmetrics_sitenote_active":false,"_exactmetrics_sitenote_note":"","_exactmetrics_sitenote_category":0,"footnotes":""},"categories":[20],"tags":[],"class_list":["post-994","post","type-post","status-publish","format-standard","hentry","category-evangelio-del-dia"],"_links":{"self":[{"href":"https:\/\/iglesiatijuana.org\/web\/wp-json\/wp\/v2\/posts\/994","targetHints":{"allow":["GET"]}}],"collection":[{"href":"https:\/\/iglesiatijuana.org\/web\/wp-json\/wp\/v2\/posts"}],"about":[{"href":"https:\/\/iglesiatijuana.org\/web\/wp-json\/wp\/v2\/types\/post"}],"author":[{"embeddable":true,"href":"https:\/\/iglesiatijuana.org\/web\/wp-json\/wp\/v2\/users\/5"}],"replies":[{"embeddable":true,"href":"https:\/\/iglesiatijuana.org\/web\/wp-json\/wp\/v2\/comments?post=994"}],"version-history":[{"count":0,"href":"https:\/\/iglesiatijuana.org\/web\/wp-json\/wp\/v2\/posts\/994\/revisions"}],"wp:attachment":[{"href":"https:\/\/iglesiatijuana.org\/web\/wp-json\/wp\/v2\/media?parent=994"}],"wp:term":[{"taxonomy":"category","embeddable":true,"href":"https:\/\/iglesiatijuana.org\/web\/wp-json\/wp\/v2\/categories?post=994"},{"taxonomy":"post_tag","embeddable":true,"href":"https:\/\/iglesiatijuana.org\/web\/wp-json\/wp\/v2\/tags?post=994"}],"curies":[{"name":"wp","href":"https:\/\/api.w.org\/{rel}","templated":true}]}}