{"id":9954,"date":"2019-07-29T05:00:58","date_gmt":"2019-07-29T12:00:58","guid":{"rendered":"https:\/\/iglesiatijuana.org\/web\/?p=9954"},"modified":"2019-07-23T13:51:11","modified_gmt":"2019-07-23T20:51:11","slug":"entre-la-agitacion-y-la-serenidad-s-marta-intercede-por-nosotros","status":"publish","type":"post","link":"https:\/\/iglesiatijuana.org\/web\/entre-la-agitacion-y-la-serenidad-s-marta-intercede-por-nosotros\/","title":{"rendered":"Entre la agitaci\u00f3n y la serenidad: \u00a1S. Marta intercede por nosotros!"},"content":{"rendered":"<p style=\"text-align: justify;\">Pastoral para la Comunicaci\u00f3n.- Comenzamos la \u00faltima semana del mes de julio con la memoria de Santa Marta. Es una mujer-tipo de la vida activa como Mar\u00eda, su hermana, es un s\u00edmbolo de la vida contemplativa. La figura de Marta se encuentra con frecuencia en la Biblia. San Lucas la menciona durante la visita de Jes\u00fas a la ciudad de Betania, donde Marta vive con su hermana Mar\u00eda (no confundir con la Virgen Mar\u00eda). Muy activa, se ocupa en todos los menesteres posibles, mientras su hermana, m\u00e1s contemplativa, escucha tranquilamente a Jes\u00fas. Cristo le hace un comentario amable sobre su agitaci\u00f3n: \u201cMarta, Marta, est\u00e1s inquieta y preocupada por muchas cosas\u2026\u201d. No es que Jes\u00fas condene su actividad, sino su imposibilidad de albergar paz en su coraz\u00f3n.<\/p>\n<p style=\"text-align: justify;\">La inquietud y el nerviosismo son dos caracter\u00edsticas t\u00edpicas de nuestras sociedades, aunque no debemos generalizarlas, recuerdan la advertencia que Henri Nouwen hace a los predicadores sobre la necesidad de no generalizar sentimientos personales. Para ilustrarla cuenta la an\u00e9cdota del cura joven que en la misa de ocho de la ma\u00f1ana en la que participan unas cuantas mujeres mayores de vida sosegada, comienza su homil\u00eda diciendo: \u201cHoy, que todos llevamos una vida agitada, con nuestras agendas repletas de compromisos, sin tiempo para nada\u201d. Es claro que estaba dibujando su autorretrato y no el de las ancianas, porque si algo les sobraba a sus simp\u00e1ticas oyentes era precisamente tiempo. Pues bien, aunque no debemos generalizar, parece claro que muchos hombres y mujeres vivimos hoy un estilo de vida nervioso, que vamos deprisa a todas partes sin saber exactamente por qu\u00e9 y para qu\u00e9, casi como huyendo. \u00bfNo ser\u00e1 \u00e9ste un s\u00edntoma de descentramiento? El relato de Lucas no lo dice expresamente, pero es probable que, despu\u00e9s de las palabras de Jes\u00fas, Marta viera las cosas d otra manera.<\/p>\n<p style=\"text-align: justify;\">***<\/p>\n<p style=\"text-align: justify;\">Santa Marta suele representarse con un vestido sencillo, una capa y un velo. A veces tambi\u00e9n lleva un manojo de llaves colgado del cintur\u00f3n. A partir del siglo XV, a menudo se la representa luchando contra un drag\u00f3n al que roc\u00eda con agua bendita con un hisopo. Una leyenda del sur de Francia cuenta que Marta lleg\u00f3 a Marsella con su hermano y su hermana despu\u00e9s de la Ascensi\u00f3n. Supuestamente, en ese momento luch\u00f3 contra un drag\u00f3n de r\u00edo que aterrorizaba a la poblaci\u00f3n, armada con su cruz y con agua bendita. Cuando Marta muri\u00f3, habr\u00eda sido enterrada en Tarasc\u00f3n por san Frontis de P\u00e9rigueux. Hoy en d\u00eda es muy venerada en el sur de Francia y en Toscana.<\/p>\n<p><a href=\"https:\/\/iglesiatijuana.org\/web\/wp-content\/uploads\/2019\/07\/santa-marta.jpg\" data-rel=\"lightbox-image-0\" data-rl_title=\"\" data-rl_caption=\"\" title=\"\"><img loading=\"lazy\" decoding=\"async\" class=\"alignnone size-full wp-image-9955\" src=\"https:\/\/iglesiatijuana.org\/web\/wp-content\/uploads\/2019\/07\/santa-marta.jpg\" alt=\"\" width=\"720\" height=\"340\" srcset=\"https:\/\/iglesiatijuana.org\/web\/wp-content\/uploads\/2019\/07\/santa-marta.jpg 720w, https:\/\/iglesiatijuana.org\/web\/wp-content\/uploads\/2019\/07\/santa-marta-300x142.jpg 300w, https:\/\/iglesiatijuana.org\/web\/wp-content\/uploads\/2019\/07\/santa-marta-520x245.jpg 520w\" sizes=\"auto, (max-width: 720px) 100vw, 720px\" \/><\/a><\/p>\n","protected":false},"excerpt":{"rendered":"<p>Pastoral para la Comunicaci\u00f3n.- Comenzamos la \u00faltima semana del mes de julio con la memoria de Santa Marta. Es una mujer-tipo de la vida activa como Mar\u00eda, su hermana, es un s\u00edmbolo de la&#46;&#46;&#46;<\/p>\n","protected":false},"author":101012,"featured_media":9955,"comment_status":"closed","ping_status":"closed","sticky":false,"template":"","format":"standard","meta":{"_exactmetrics_skip_tracking":false,"_exactmetrics_sitenote_active":false,"_exactmetrics_sitenote_note":"","_exactmetrics_sitenote_category":0,"footnotes":""},"categories":[20,14],"tags":[],"class_list":["post-9954","post","type-post","status-publish","format-standard","has-post-thumbnail","hentry","category-evangelio-del-dia","category-ultimas-noticias"],"_links":{"self":[{"href":"https:\/\/iglesiatijuana.org\/web\/wp-json\/wp\/v2\/posts\/9954","targetHints":{"allow":["GET"]}}],"collection":[{"href":"https:\/\/iglesiatijuana.org\/web\/wp-json\/wp\/v2\/posts"}],"about":[{"href":"https:\/\/iglesiatijuana.org\/web\/wp-json\/wp\/v2\/types\/post"}],"author":[{"embeddable":true,"href":"https:\/\/iglesiatijuana.org\/web\/wp-json\/wp\/v2\/users\/101012"}],"replies":[{"embeddable":true,"href":"https:\/\/iglesiatijuana.org\/web\/wp-json\/wp\/v2\/comments?post=9954"}],"version-history":[{"count":1,"href":"https:\/\/iglesiatijuana.org\/web\/wp-json\/wp\/v2\/posts\/9954\/revisions"}],"predecessor-version":[{"id":9956,"href":"https:\/\/iglesiatijuana.org\/web\/wp-json\/wp\/v2\/posts\/9954\/revisions\/9956"}],"wp:featuredmedia":[{"embeddable":true,"href":"https:\/\/iglesiatijuana.org\/web\/wp-json\/wp\/v2\/media\/9955"}],"wp:attachment":[{"href":"https:\/\/iglesiatijuana.org\/web\/wp-json\/wp\/v2\/media?parent=9954"}],"wp:term":[{"taxonomy":"category","embeddable":true,"href":"https:\/\/iglesiatijuana.org\/web\/wp-json\/wp\/v2\/categories?post=9954"},{"taxonomy":"post_tag","embeddable":true,"href":"https:\/\/iglesiatijuana.org\/web\/wp-json\/wp\/v2\/tags?post=9954"}],"curies":[{"name":"wp","href":"https:\/\/api.w.org\/{rel}","templated":true}]}}